{"id":2276,"date":"2020-06-30T23:20:11","date_gmt":"2020-06-30T21:20:11","guid":{"rendered":"http:\/\/santuarioboschetto.it\/sito\/?p=2276"},"modified":"2021-11-19T21:30:48","modified_gmt":"2021-11-19T20:30:48","slug":"il-comitato-500-anni-si-rinnova","status":"publish","type":"post","link":"https:\/\/santuarioboschetto.it\/sito\/2020\/06\/30\/il-comitato-500-anni-si-rinnova\/","title":{"rendered":"Il Comitato 500 Anni si rinnova&#8230;."},"content":{"rendered":"\n<p>L&#8217;attivit\u00e0 del COMITATO : bilancio e prospettive<\/p>\n\n\n\n<p>Sono trascorsi pi\u00f9 di quattro anni da quando, nell&#8217;ottobre del 2015, un gruppo di amici si riunirono nel locali del Santuario per iniziare a pensare \u201ccome\u201d celebrare il V centenario dell&#8217; Apparizione di N. S. del Boschetto (1518 &#8211; 2018). Certamente non iniziative strettamente religiose, ma manifestazioni \u201cesterne\u201d che fossero da stimolo per quanti, camoglini doc, camoglini \u201cdi importazione\u201d e turisti pi\u00f9 o meno affezionati alla nostra Citt\u00e0, avrebbero potuto riflettere su quell&#8217;evento e sulle ricadute sociali e culturali maturate in mezzo a noi dopo tale data. Da l\u00ec a poco gli incontri si susseguirono ed il numero dei partecipanti aument\u00f2 fino a portare, nel maggio 2016, alla costituzione del \u201cComitato 500 anni Apparizione N. S. del Boschetto\u201d.<\/p>\n\n\n\n<p>Formato da Viero Boldrini, Filippo Capilli, Fabrizio Fancello, Laura Ghisoli, Lorenzo Ghisoli, Manlio Ginocchio, Augusto Massa, Gabriele Mercurio, Claudio Mortola, Davide Oneto, Giancarlo Tanfani e Massimo Teppati, si prefisse come scopo primario il reperimento di fondi necessari per organizzare eventi nel periodo fino al 31\/12\/2019, data in cui si \u00e8 conclusa, come da Statuto, l&#8217;attivit\u00e0 del Comitato.<\/p>\n\n\n\n<p>Fin da subito, si pens\u00f2 di creare un nuovo allestimento degli ex voto marinari presenti nel Chiostro del Santuario: il precedente, infatti, risaliva al 1992 ed era giunto il momento di un riordino generale. Ci sembr\u00f2 naturale affidare il nuovo percorso museale alla nostra concittadina, Dott.ssa Farida Simonetti, che aveva curato il precedente allestimento e che, anche da queste pagine, desideriamo ringraziare per il prezioso lavoro svolto con passione e competenza. A completamento di tale lavoro, \u00e8 in fase di stampa il nuovo volume \u201cEx voto marinari del Santuario di N.S. del Boschetto di Camogli\u201d(Ed. Tormena).<\/p>\n\n\n\n<p>A partire dalla festa del Santuario del 2 luglio 2016 iniziammo quindi, non senza timore per la novit\u00e0 dell&#8217;idea, ad organizzare uno stand gastronomico sul piazzale del Santuario: grazie al supporto di numerosi volontari e alla disponibilit\u00e0 di giovani e giovanissimi che si prestarono per il servizio ai tavoli, fu un successo clamoroso e da allora l&#8217; iniziativa \u00e8 sfociata in un appuntamento fisso.<\/p>\n\n\n\n<p>Di seguito un elenco delle manifestazioni pi\u00f9 significative:<\/p>\n\n\n\n<ul class=\"wp-block-list\"><li>giugno 2017&nbsp; <em>Venti lenti sugli ex voto: <\/em>ingrandimenti realizzati da studenti e cittadini raffiguranti particolari degli ex voto;<\/li><\/ul>\n\n\n\n<ul class=\"wp-block-list\"><li>giugno 2018&nbsp; Installazione della <em>illuminazione permanente facciata<\/em> Santuario (Ditta Verdina) e <em>Inaugurazione nuovo allestimento ex voto <\/em>alla presenza di Autorit\u00e0 civili e religiose;<\/li><\/ul>\n\n\n\n<ul class=\"wp-block-list\"><li>1 luglio <em>Apertura dell&#8217;Anno giubilare <\/em>un \u201ccorteo\u201d partito dal Porto, ha visto la presenza delle principali associazioni locali e delle Autorit\u00e0, accompagnato dai rematori del \u201cDragun\u201d e dal Concerto itinerante di Campane ha raggiunto il Santuario, per la S. Messa celebrata dal Cardinale Angelo Bagnasco, nostro Arcivescovo;<\/li><\/ul>\n\n\n\n<ul class=\"wp-block-list\"><li>14 luglio&nbsp; <em>Concerto<\/em> dei Cantori Gregoriani di Cremona;&nbsp;<\/li><\/ul>\n\n\n\n<ul class=\"wp-block-list\"><li>20 ottobre&nbsp; <em>Annullo filatelico <\/em>(in collaborazione con Poste Italiane) e <em>Raduno di campanari <\/em>della nostra Diocesi (in collaborazione con Associazione Campanari Liguri);<\/li><\/ul>\n\n\n\n<ul class=\"wp-block-list\"><li>13 aprile 2019&nbsp; <em>Concerto <\/em>del Coro \u201cArs Antiqua\u201d di Genova;<\/li><\/ul>\n\n\n\n<ul class=\"wp-block-list\"><li>26 aprile&nbsp; <em>Lectio magistralis <\/em>di Vittorio Sgarbi sull&#8217; Iconografia Mariana (in collaborazione con Fondazione Teatro Sociale di Camogli); &nbsp;&nbsp;<\/li><\/ul>\n\n\n\n<ul class=\"wp-block-list\"><li>23 giugno Installazione della <em>i<\/em><em>lluminazione permanente Campanile<\/em> e <em>Concerto <\/em>\u201cCoro del Cinquecentenario\u201d: costituitosi per l&#8217;occasione e formato da coristi provenienti dalle diverse realt\u00e0 corali di Camogli ha eseguito musiche di ispirazione mariana composte dal sacerdote camogliese Stefano Ferro (1871 \u2013 1953);<\/li><\/ul>\n\n\n\n<ul class=\"wp-block-list\"><li>1 luglio &nbsp;<em>Commedia dialettale <\/em>\u201c47 o morto ch&#8217;o parla\u201d a cura della Compagnia teatrale S. Fruttuoso di Genova. &nbsp;<\/li><\/ul>\n\n\n\n<p>Dall&#8217; apertura del rinnovato spazio museale del chiostro, grazie alla presenza di volontari e di studenti dell&#8217;Istituto Nautico&nbsp; \u201cC. Colombo\u201d di Camogli, il sabato mattina lo stesso \u00e8 visitabile dalle 9.30 alle 11.30 e, su appuntamento, sono possibili visite guidate.<\/p>\n\n\n\n<p>In questa sede ci teniamo a ringraziare gli studenti del Nautico per il prezioso lavoro di identificazione dei punti-nave relativo ai quadri esposti, nonch\u00e9 l&#8217; Amministrazione Comunale (in particolare la Dott.ssa Elisabetta Caviglia) per il contributo concesso, fondamentale per la realizzazione del museo.<\/p>\n\n\n\n<p>Cogliamo l&#8217;occasione, per esprimere un doveroso ringraziamento anche a quanti, in questi anni, ci hanno sostenuto, guidato, incoraggiato, suggerito idee per degnamente festeggiare la nostra Patrona.<\/p>\n\n\n\n<p>Il Comitato, come scritto, ha terminato la propria attivit\u00e0 lo scorso 31 dicembre, ma vogliamo rassicurare che l&#8217;attivit\u00e0 intrapresa non terminer\u00e0: ormai la prua ha preso una direzione e l&#8217; Associazione ricreativo-culturale \u201c<strong><em>Insieme per il Boschetto<\/em><\/strong>\u201d (alla quale ognuno potr\u00e0 aderire&#8230;) proseguir\u00e0 il lavoro intrapreso.<\/p>\n\n\n\n<p>L&#8217;eredit\u00e0 lasciata dal Comitato consister\u00e0 nella presentazione del nuovo libro sugli ex voto in programma nel prossimo mese di novembre e nella sistemazione del campetto situato dietro al Santuario (gi\u00e0 iniziati i lavori) mentre, grazie ad una convenzione stipulata con l&#8217;Amministrazione comunale, lo spazio per i pi\u00f9 piccoli verr\u00e0 opportunamente rinnovato.<\/p>\n\n\n\n<figure class=\"wp-block-image size-large\"><img loading=\"lazy\" decoding=\"async\" width=\"1010\" height=\"712\" src=\"https:\/\/santuarioboschetto.it\/sito\/wp-content\/uploads\/2020\/06\/Logo-INSIEME-PER-CAMOGLI.png\" alt=\"\" class=\"wp-image-2277\" srcset=\"https:\/\/santuarioboschetto.it\/sito\/wp-content\/uploads\/2020\/06\/Logo-INSIEME-PER-CAMOGLI.png 1010w, https:\/\/santuarioboschetto.it\/sito\/wp-content\/uploads\/2020\/06\/Logo-INSIEME-PER-CAMOGLI-300x211.png 300w, https:\/\/santuarioboschetto.it\/sito\/wp-content\/uploads\/2020\/06\/Logo-INSIEME-PER-CAMOGLI-768x541.png 768w\" sizes=\"auto, (max-width: 1010px) 100vw, 1010px\" \/><\/figure>\n","protected":false},"excerpt":{"rendered":"<p>L&#8217;attivit\u00e0 del COMITATO : bilancio e prospettive Sono trascorsi pi\u00f9 di quattro anni da quando, nell&#8217;ottobre del 2015, un gruppo di amici si riunirono nel locali del Santuario per iniziare <a class=\"more-link\" href=\"https:\/\/santuarioboschetto.it\/sito\/2020\/06\/30\/il-comitato-500-anni-si-rinnova\/\">Continue Reading \u2192<\/a><\/p>\n","protected":false},"author":1,"featured_media":2277,"comment_status":"closed","ping_status":"closed","sticky":false,"template":"","format":"standard","meta":{"ngg_post_thumbnail":0,"footnotes":""},"categories":[2,4],"tags":[],"class_list":["post-2276","post","type-post","status-publish","format-standard","has-post-thumbnail","hentry","category-articoli","category-eventi-organizzati-dal-comitato"],"_links":{"self":[{"href":"https:\/\/santuarioboschetto.it\/sito\/wp-json\/wp\/v2\/posts\/2276","targetHints":{"allow":["GET"]}}],"collection":[{"href":"https:\/\/santuarioboschetto.it\/sito\/wp-json\/wp\/v2\/posts"}],"about":[{"href":"https:\/\/santuarioboschetto.it\/sito\/wp-json\/wp\/v2\/types\/post"}],"author":[{"embeddable":true,"href":"https:\/\/santuarioboschetto.it\/sito\/wp-json\/wp\/v2\/users\/1"}],"replies":[{"embeddable":true,"href":"https:\/\/santuarioboschetto.it\/sito\/wp-json\/wp\/v2\/comments?post=2276"}],"version-history":[{"count":1,"href":"https:\/\/santuarioboschetto.it\/sito\/wp-json\/wp\/v2\/posts\/2276\/revisions"}],"predecessor-version":[{"id":2278,"href":"https:\/\/santuarioboschetto.it\/sito\/wp-json\/wp\/v2\/posts\/2276\/revisions\/2278"}],"wp:featuredmedia":[{"embeddable":true,"href":"https:\/\/santuarioboschetto.it\/sito\/wp-json\/wp\/v2\/media\/2277"}],"wp:attachment":[{"href":"https:\/\/santuarioboschetto.it\/sito\/wp-json\/wp\/v2\/media?parent=2276"}],"wp:term":[{"taxonomy":"category","embeddable":true,"href":"https:\/\/santuarioboschetto.it\/sito\/wp-json\/wp\/v2\/categories?post=2276"},{"taxonomy":"post_tag","embeddable":true,"href":"https:\/\/santuarioboschetto.it\/sito\/wp-json\/wp\/v2\/tags?post=2276"}],"curies":[{"name":"wp","href":"https:\/\/api.w.org\/{rel}","templated":true}]}}